{"id":572814581,"date":"2020-10-21T07:59:00","date_gmt":"2020-10-21T12:59:00","guid":{"rendered":"https:\/\/www.winnipegfreepress.com\/our-communities\/lance\/2020\/10\/21\/cinemental-2020-to-proceed-with-reduced-capacity"},"modified":"2020-10-21T08:07:47","modified_gmt":"2020-10-21T13:07:47","slug":"cinemental-2020-to-proceed-with-reduced-capacity","status":"publish","type":"post","link":"https:\/\/www.winnipegfreepress.com\/our-communities\/lance\/2020\/10\/21\/cinemental-2020-to-proceed-with-reduced-capacity","title":{"rendered":"Cin\u00e9mental 2020 to proceed with reduced capacity"},"content":{"rendered":"<p>There may not be a better time to get lost in a movie or two.<\/p>\n<p>As of Oct. 15, the 29th edition of Cin&eacute;mental 2020, Manitoba&rsquo;s French-language film festival, was scheduled to take place over two weekends &mdash; from Oct. 23 to 25 and Oct. 30 to Nov. 1 &mdash; in the Pauline-Boutal Theatre at the Centre culturel franco-manitobain, located at 340 Provencher Blvd.<\/p>\n<p>The annual festival is a celebration of French-language films from around the world, and it&rsquo;s aimed at community members who are both French-speaking and non-French-speaking. The theme of this year&rsquo;s festival is &ldquo;treat yourself.&rdquo;<\/p>\n<figure class='wp-caption fl photo'>\n\t\t\t\t\t\t\t\t\t<a href='https:\/\/www.winnipegfreepress.com\/our-communities\/wp-content\/uploads\/sites\/5\/2022\/04\/sf-cinemental2-oct21.jpg?w=1000' data-pswp-srcset='https:\/\/www.winnipegfreepress.com\/our-communities\/wp-content\/uploads\/sites\/5\/2022\/04\/sf-cinemental2-oct21.jpg?w=320 320w, https:\/\/www.winnipegfreepress.com\/our-communities\/wp-content\/uploads\/sites\/5\/2022\/04\/sf-cinemental2-oct21.jpg?w=600 600w, https:\/\/www.winnipegfreepress.com\/our-communities\/wp-content\/uploads\/sites\/5\/2022\/04\/sf-cinemental2-oct21.jpg?w=1920 1920w' data-pswp-width='1536' data-pswp-height='2048'>\n\t\t\t\t\t\t\t\t\t\t<img src=\"https:\/\/www.winnipegfreepress.com\/our-communities\/wp-content\/uploads\/sites\/5\/2022\/04\/sf-cinemental2-oct21.jpg?w=1000\" alt=\"Simon Fuller\nM\u00e9lanie B\u00e9dard said there\u2019s an array of different selections at this year\u2019s Cin\u00e9mental festival, meaning there should be something for everyone.\">\n\t\t\t\t\t\t\t\t\t<\/a>\n\t\t\t\t\t\t\t\t\t<figcaption class='dynamic-caption'>Simon Fuller\nM\u00e9lanie B\u00e9dard said there\u2019s an array of different selections at this year\u2019s Cin\u00e9mental festival, meaning there should be something for everyone.<\/figcaption>\n\t\t\t\t\t\t\t\t<\/figure>\n<p>On Oct. 16, the provincial govenment announced further measures under the restricted (Orange) level of the pandemic response system to minimize community spread of the COVID-19 virus by reducing close-prolonged contact between people.<\/p>\n<p>At press time, M&eacute;lanie B&eacute;dard, Cin&eacute;mental 2020&rsquo;s co-ordinator, said the event will proceed at 25 per cent capacity.<\/p>\n<p>Prior to the province&rsquo;s announcement, B&eacute;dard told the <em>Lance<\/em> that most of the films scheduled to be shown at the festival have English subtitles, and there should be something for everyone during the festival, which will provide an opportunity for the community to come together and celebrate French-language cinema.<\/p>\n<p>&nbsp;<br \/>&ldquo;There&rsquo;s really an array of different selections, such as comedies, dramas and family-friendly films,&rdquo; B&eacute;dard said. &ldquo;For me, this is about the community coming together &mdash; both francophones and anglophones alike. More specifically, it&rsquo;s about coming together apart. The theme this year is about treating yourself &mdash; and it&rsquo;s very much about treating yourself in a safe space.&rdquo;<\/p>\n<p>B&eacute;dard said festival organizers had been working hard to make sure all social distancing protocols are observed during the event to maintain a safe environment at the centre. Audience members must bring and wear a face mask. A maximum of 76 seats were set to be available at each show.<\/p>\n<p>&ldquo;Volunteers will be guiding people into the theatre, and we&rsquo;ll be seating people from the inside out so as not to compromise anything,&rdquo; B&eacute;dard said on Oct. 14. &ldquo;We know how difficult the last few months have been, and this festival allows people to physically go out in a safe way and enjoy a shared experience. It&rsquo;s about community and culture.&rdquo;&nbsp; &nbsp;<\/p>\n<figure class='wp-caption fr photo'>\n\t\t\t\t\t\t\t\t\t<a href='https:\/\/www.winnipegfreepress.com\/our-communities\/wp-content\/uploads\/sites\/5\/2022\/04\/sf-cinemental1-oct21.jpg?w=1000' data-pswp-srcset='https:\/\/www.winnipegfreepress.com\/our-communities\/wp-content\/uploads\/sites\/5\/2022\/04\/sf-cinemental1-oct21.jpg?w=320 320w, https:\/\/www.winnipegfreepress.com\/our-communities\/wp-content\/uploads\/sites\/5\/2022\/04\/sf-cinemental1-oct21.jpg?w=600 600w, https:\/\/www.winnipegfreepress.com\/our-communities\/wp-content\/uploads\/sites\/5\/2022\/04\/sf-cinemental1-oct21.jpg?w=1920 1920w' data-pswp-width='1536' data-pswp-height='2048'>\n\t\t\t\t\t\t\t\t\t\t<img src=\"https:\/\/www.winnipegfreepress.com\/our-communities\/wp-content\/uploads\/sites\/5\/2022\/04\/sf-cinemental1-oct21.jpg?w=1000\" alt=\"Simon Fuller\nM\u00e9lanie B\u00e9dard, the co-ordinator of Cin\u00e9mental 2020, is seen with a poster advertising this year\u2019s event, which is scheduled to be held on two consecutive weekends.\">\n\t\t\t\t\t\t\t\t\t<\/a>\n\t\t\t\t\t\t\t\t\t<figcaption class='dynamic-caption'>Simon Fuller\nM\u00e9lanie B\u00e9dard, the co-ordinator of Cin\u00e9mental 2020, is seen with a poster advertising this year\u2019s event, which is scheduled to be held on two consecutive weekends.<\/figcaption>\n\t\t\t\t\t\t\t\t<\/figure>\n<p>As of Oct. 15, the lineup included <em>14 jouts 12 nuits<\/em>, <em>Jukebox<\/em>, <em>Mafia Inc.<\/em>, and <em>Nadia, Butterfly<\/em> &mdash; to name a few. There was also a short film competition planned.<\/p>\n<p>At press time, advance seat reservations were required, and prospective participants were asked to call 233-ALL&Ocirc; (204-233-2556 or 1-800-665-4443) during office hours to make reservations.<\/p>\n<p>Go online at cinemental.com for more information, including ticket prices.<\/p><div class=\"collageplus\"><\/div>","protected":false},"excerpt":{"rendered":"","protected":false},"author":10,"featured_media":294417491,"comment_status":"closed","ping_status":"open","sticky":false,"template":"","format":"standard","meta":{"_acf_changed":false,"_price":"","_stock":"","_tribe_ticket_header":"","_tribe_default_ticket_provider":"","_tribe_ticket_capacity":"0","_ticket_start_date":"","_ticket_end_date":"","_tribe_ticket_show_description":"","_tribe_ticket_show_not_going":false,"_tribe_ticket_use_global_stock":"","_tribe_ticket_global_stock_level":"","_global_stock_mode":"","_global_stock_cap":"","_tribe_rsvp_for_event":"","_tribe_ticket_going_count":"","_tribe_ticket_not_going_count":"","_tribe_tickets_list":"[]","_tribe_ticket_has_attendee_info_fields":false,"_classifai_error":"","_classifai_text_to_speech_error":"","apple_news_api_created_at":"","apple_news_api_id":"","apple_news_api_modified_at":"","apple_news_api_revision":"","apple_news_api_share_url":"","apple_news_cover_media_provider":"image","apple_news_coverimage":0,"apple_news_coverimage_caption":"","apple_news_cover_video_id":0,"apple_news_cover_video_url":"","apple_news_cover_embedwebvideo_url":"","apple_news_is_hidden":"","apple_news_is_paid":"","apple_news_is_preview":"","apple_news_is_sponsored":"","apple_news_maturity_rating":"","apple_news_metadata":"\"\"","apple_news_pullquote":"","apple_news_pullquote_position":"","apple_news_slug":"","apple_news_sections":[],"apple_news_suppress_video_url":false,"apple_news_use_image_component":false,"_jetpack_memberships_contains_paid_content":false,"footnotes":""},"categories":[11],"tags":[],"education-subject":[],"media-literacy-topic":[],"post_topic":[],"content_type":[24],"class_list":["post-572814581","post","type-post","status-publish","format-standard","has-post-thumbnail","hentry","category-lance"],"acf":{"short_title":"","seo_title":"","deck":"Province announced further restrictions on Oct. 16 ","story_tag":"","byline":"Simon Fuller","updates":null},"apple_news_notices":[],"parsely":{"version":"1.1.0","canonical_url":"https:\/\/winnipegfreepress.com\/our-communities\/lance\/2020\/10\/21\/cinemental-2020-to-proceed-with-reduced-capacity","smart_links":{"inbound":0,"outbound":0},"traffic_boost_suggestions_count":0,"meta":{"@context":"https:\/\/schema.org","@type":"NewsArticle","headline":"Cin\u00e9mental 2020 to proceed with reduced capacity","url":"http:\/\/www.winnipegfreepress.com\/our-communities\/lance\/2020\/10\/21\/cinemental-2020-to-proceed-with-reduced-capacity","mainEntityOfPage":{"@type":"WebPage","@id":"http:\/\/www.winnipegfreepress.com\/our-communities\/lance\/2020\/10\/21\/cinemental-2020-to-proceed-with-reduced-capacity"},"thumbnailUrl":"https:\/\/www.winnipegfreepress.com\/our-communities\/wp-content\/uploads\/sites\/5\/2022\/04\/sf-cinemental2-oct21.jpg?w=150&h=150&crop=1","image":{"@type":"ImageObject","url":"https:\/\/www.winnipegfreepress.com\/our-communities\/wp-content\/uploads\/sites\/5\/2022\/04\/sf-cinemental2-oct21.jpg"},"articleSection":"The Lance","author":[{"@type":"Person","name":"feedloaderapi"}],"creator":["feedloaderapi"],"publisher":{"@type":"Organization","name":"Our Communities","logo":""},"keywords":[],"dateCreated":"2020-10-21T12:59:00Z","datePublished":"2020-10-21T12:59:00Z","dateModified":"2020-10-21T13:07:47Z"},"rendered":"<script type=\"application\/ld+json\" class=\"wp-parsely-metadata\">{\"@context\":\"https:\\\/\\\/schema.org\",\"@type\":\"NewsArticle\",\"headline\":\"Cin\\u00e9mental 2020 to proceed with reduced capacity\",\"url\":\"http:\\\/\\\/www.winnipegfreepress.com\\\/our-communities\\\/lance\\\/2020\\\/10\\\/21\\\/cinemental-2020-to-proceed-with-reduced-capacity\",\"mainEntityOfPage\":{\"@type\":\"WebPage\",\"@id\":\"http:\\\/\\\/www.winnipegfreepress.com\\\/our-communities\\\/lance\\\/2020\\\/10\\\/21\\\/cinemental-2020-to-proceed-with-reduced-capacity\"},\"thumbnailUrl\":\"https:\\\/\\\/www.winnipegfreepress.com\\\/our-communities\\\/wp-content\\\/uploads\\\/sites\\\/5\\\/2022\\\/04\\\/sf-cinemental2-oct21.jpg?w=150&h=150&crop=1\",\"image\":{\"@type\":\"ImageObject\",\"url\":\"https:\\\/\\\/www.winnipegfreepress.com\\\/our-communities\\\/wp-content\\\/uploads\\\/sites\\\/5\\\/2022\\\/04\\\/sf-cinemental2-oct21.jpg\"},\"articleSection\":\"The Lance\",\"author\":[{\"@type\":\"Person\",\"name\":\"feedloaderapi\"}],\"creator\":[\"feedloaderapi\"],\"publisher\":{\"@type\":\"Organization\",\"name\":\"Our Communities\",\"logo\":\"\"},\"keywords\":[],\"dateCreated\":\"2020-10-21T12:59:00Z\",\"datePublished\":\"2020-10-21T12:59:00Z\",\"dateModified\":\"2020-10-21T13:07:47Z\"}<\/script>","tracker_url":"https:\/\/cdn.parsely.com\/keys\/winnipegfreepress.com\/p.js"},"jetpack_featured_media_url":"https:\/\/www.winnipegfreepress.com\/our-communities\/wp-content\/uploads\/sites\/5\/2022\/04\/sf-cinemental2-oct21.jpg","jetpack_sharing_enabled":true,"deck":"Province announced further restrictions on Oct. 16 ","byline":"Simon Fuller","_links":{"self":[{"href":"https:\/\/www.winnipegfreepress.com\/our-communities\/wp-json\/wp\/v2\/posts\/572814581","targetHints":{"allow":["GET"]}}],"collection":[{"href":"https:\/\/www.winnipegfreepress.com\/our-communities\/wp-json\/wp\/v2\/posts"}],"about":[{"href":"https:\/\/www.winnipegfreepress.com\/our-communities\/wp-json\/wp\/v2\/types\/post"}],"author":[{"embeddable":true,"href":"https:\/\/www.winnipegfreepress.com\/our-communities\/wp-json\/wp\/v2\/users\/10"}],"replies":[{"embeddable":true,"href":"https:\/\/www.winnipegfreepress.com\/our-communities\/wp-json\/wp\/v2\/comments?post=572814581"}],"version-history":[{"count":0,"href":"https:\/\/www.winnipegfreepress.com\/our-communities\/wp-json\/wp\/v2\/posts\/572814581\/revisions"}],"wp:featuredmedia":[{"embeddable":true,"href":"https:\/\/www.winnipegfreepress.com\/our-communities\/wp-json\/wp\/v2\/media\/294417491"}],"wp:attachment":[{"href":"https:\/\/www.winnipegfreepress.com\/our-communities\/wp-json\/wp\/v2\/media?parent=572814581"}],"wp:term":[{"taxonomy":"category","embeddable":true,"href":"https:\/\/www.winnipegfreepress.com\/our-communities\/wp-json\/wp\/v2\/categories?post=572814581"},{"taxonomy":"post_tag","embeddable":true,"href":"https:\/\/www.winnipegfreepress.com\/our-communities\/wp-json\/wp\/v2\/tags?post=572814581"},{"taxonomy":"education-subject","embeddable":true,"href":"https:\/\/www.winnipegfreepress.com\/our-communities\/wp-json\/wp\/v2\/education-subject?post=572814581"},{"taxonomy":"media-literacy-topic","embeddable":true,"href":"https:\/\/www.winnipegfreepress.com\/our-communities\/wp-json\/wp\/v2\/media-literacy-topic?post=572814581"},{"taxonomy":"post_topic","embeddable":true,"href":"https:\/\/www.winnipegfreepress.com\/our-communities\/wp-json\/wp\/v2\/post_topic?post=572814581"},{"taxonomy":"content_type","embeddable":true,"href":"https:\/\/www.winnipegfreepress.com\/our-communities\/wp-json\/wp\/v2\/content_type?post=572814581"}],"curies":[{"name":"wp","href":"https:\/\/api.w.org\/{rel}","templated":true}]}}